{"id":2174,"date":"2020-11-12T18:00:42","date_gmt":"2020-11-12T16:00:42","guid":{"rendered":"https:\/\/www.puravidauniversity.eu\/de\/?p=2174"},"modified":"2020-11-24T15:16:31","modified_gmt":"2020-11-24T13:16:31","slug":"costa-rica-inspiriert-mit-prominenten-markenbotschaftern","status":"publish","type":"post","link":"https:\/\/www.puravidauniversity.eu\/de\/costa-rica-inspiriert-mit-prominenten-markenbotschaftern\/","title":{"rendered":"Costa Rica inspiriert mit prominenten Markenbotschaftern"},"content":{"rendered":"\n<p><\/p>\n\n\n\n<p><\/p>\n\n\n<p><span style=\"font-size: 12pt;\"><strong>Costa Rica startet neue Marketingkampagne \u201eCosta Rica \u2013 mein nachhaltiges Sehnsuchtsziel\u201c und inspiriert mit prominenten Markenbotschaftern<\/strong><\/span><\/p>\n<p>Das Natur- und Outdoorparadies Costa Rica bietet mit seinen rauchenden Vulkanen, gr\u00fcnen Urw\u00e4ldern und traumhaften Tropenstr\u00e4nden authentische Erlebnisse fernab des Massentourismus und garantiert Besuchern ganzj\u00e4hrig unvergessliche pura vida-Gl\u00fccksmomente.<\/p>\n<p>Von Oktober 2020 bis M\u00e4rz 2021 inspiriert Costa Rica mit der neuen Kampagne \u201e<strong>Costa Rica \u2013 mein nachhaltiges Sehnsuchtsziel\u201c <\/strong>Endkunden, Medien und Touristiker, die sich nach authentischen Erlebnissen fernab des Alltags sehnen und neue Sehnsuchtsziele f\u00fcr ihre Reise-Bucketlist suchen. Ziel der Kampagne ist es, die Reisesehnsucht zu stillen, \u00fcber die aktuelle Situation zu informieren, Vertrauen zu schaffen und zum Tr\u00e4umen einzuladen.<\/p>\n<p>Gro\u00dfe Costa Rica Fans sind ebenfalls <strong>namhafte Prominente<\/strong>, die in dem zentralamerikanischen Naturparadies schon lange ihr nachhaltiges Sehnsuchtsziel gefunden haben: Hannes Jaenicke, Daniel Roesner und Ursula Karven sind Costa Ricas offizielle Markenbotschafter und verraten in exklusiven Kurzvideos und Interviews ihren pers\u00f6nlichen Bezug zum Land und inspirieren mit ihren erlebten pura vida-Gl\u00fccksmomenten im nachhaltigen Sehnsuchtsziel.<\/p>\n<p>Die Kampagne widmet sich Themen rund um \u00d6kotourismus und Umweltschutz, Outdoor, Natur und Abenteuer, Erlebnisluxus, Entschleunigung und Wellness und vor allem darum, wie vielf\u00e4ltig Costa Rica ist und weshalb es auf jede Bucketlist 2021 sollte.<\/p>\n<p><strong>Und was sagen die prominenten Costa Rica-Fans und Botschafter zu ihrem nachhaltigen Sehnsuchtsziel? <\/strong><a href=\"https:\/\/youtu.be\/WEOvp7LhWZA\"><strong>Hier<\/strong><\/a><strong> geht\u2019s zum Video<\/strong><\/p>\n<p><strong><em><a href=\"https:\/\/www.puravidauniversity.eu\/de\/wp-content\/uploads\/sites\/6\/2020\/11\/Bild_Hannes.jpg\"><img loading=\"lazy\" class=\"alignnone  wp-image-2176\" src=\"https:\/\/www.puravidauniversity.eu\/de\/wp-content\/uploads\/sites\/6\/2020\/11\/Bild_Hannes-300x240.jpg\" alt=\"\" width=\"294\" height=\"235\" srcset=\"https:\/\/www.puravidauniversity.eu\/de\/wp-content\/uploads\/sites\/6\/2020\/11\/Bild_Hannes-300x240.jpg 300w, https:\/\/www.puravidauniversity.eu\/de\/wp-content\/uploads\/sites\/6\/2020\/11\/Bild_Hannes.jpg 515w\" sizes=\"(max-width: 294px) 100vw, 294px\" \/><\/a><\/em><\/strong><\/p>\n<p><strong><em>Hannes Jaenicke, <\/em><\/strong><em>Schauspieler und Umweltaktivist:<br \/><\/em><strong><em>&#8222;<\/em><\/strong><em>F\u00fcr mich ist Costa Rica das sch\u00f6nste Land der Welt. Kein Reiseziel verbindet so perfekt atemberaubende Natur, Urwald und Meer, menschenleere Str\u00e4nde und den weltweit gr\u00f6\u00dften\u00a0Artenreichtum. Es gibt keinen Massen-, sondern nur nachhaltigen \u00d6ko-Tourismus. Costa Rica d\u00fcrfte auch wegen seiner Menschen und klugen Politik eines der letzten Paradiese unserer Erde sein.\u00a0 Und in Zeiten von Corona habe ich mich dort sicherer gef\u00fchlt als in Deutschland.\u201c<\/em><\/p>\n<p><a href=\"https:\/\/www.puravidauniversity.eu\/de\/wp-content\/uploads\/sites\/6\/2020\/11\/Bild-Daniel_kampage.jpg\"><img loading=\"lazy\" class=\"alignnone size-medium wp-image-2177\" src=\"https:\/\/www.puravidauniversity.eu\/de\/wp-content\/uploads\/sites\/6\/2020\/11\/Bild-Daniel_kampage-300x240.jpg\" alt=\"\" width=\"300\" height=\"240\" srcset=\"https:\/\/www.puravidauniversity.eu\/de\/wp-content\/uploads\/sites\/6\/2020\/11\/Bild-Daniel_kampage-300x240.jpg 300w, https:\/\/www.puravidauniversity.eu\/de\/wp-content\/uploads\/sites\/6\/2020\/11\/Bild-Daniel_kampage.jpg 492w\" sizes=\"(max-width: 300px) 100vw, 300px\" \/><\/a><\/p>\n<p><strong><em>Daniel Roesner, <\/em><\/strong><em>Action-TV Star bekannt aus Alarm f\u00fcr Cobra 11:<br \/><\/em><strong><em>\u201e<\/em><\/strong><em>Costa Rica ist mein absolutes Traumreiseziel in den letzten Jahren. Costa Rica bietet mir die M\u00f6glichkeit all meine Aktivsportarten in atemberaubend sch\u00f6ner Natur auszu\u00fcben und mit Menschen zusammen zu sein, die \u201cPura Vida\u201d als Grundeinstellung verinnerlicht haben. Durch meine nachhaltige Surfbrettfirma in Costa Rica kann ich meine Leidenschaft f\u00fcrs Surfen mit Urlaub und Business kombinieren.\u201c<\/em><\/p>\n<p><a href=\"https:\/\/www.puravidauniversity.eu\/de\/wp-content\/uploads\/sites\/6\/2020\/11\/Bild_Ursula_Kampage.jpg\"><img loading=\"lazy\" class=\"alignnone size-medium wp-image-2178\" src=\"https:\/\/www.puravidauniversity.eu\/de\/wp-content\/uploads\/sites\/6\/2020\/11\/Bild_Ursula_Kampage-300x240.jpg\" alt=\"\" width=\"300\" height=\"240\" srcset=\"https:\/\/www.puravidauniversity.eu\/de\/wp-content\/uploads\/sites\/6\/2020\/11\/Bild_Ursula_Kampage-300x240.jpg 300w, https:\/\/www.puravidauniversity.eu\/de\/wp-content\/uploads\/sites\/6\/2020\/11\/Bild_Ursula_Kampage.jpg 502w\" sizes=\"(max-width: 300px) 100vw, 300px\" \/><\/a><\/p>\n<p><strong><em>Ursula Karven, <\/em><\/strong><em>Schauspielerin, Autorin und Yoga-Ikone:<br \/><\/em><em>\u00a0\u201eAls ich mit meinen S\u00f6hnen in 2012 zum ersten Mal in Santa Teresa in einem kleinen Boutique Hotel ankam, waren im Paradies gelandet &#8211; mit unfassbar gutem, gesunden Essen, von den Augen abgelesen Massagew\u00fcnschen, fantastischen Yoga-Lehrern aus aller Welt und perfekten Wellen zum Surfen. All das hat Weltniveau &#8211; und alles basierend auf nachhaltigen Grunds\u00e4tzen. \u00a0Damit ist Costa Rica f\u00fcr mich nicht nur das sch\u00f6nste Land, sondern was Nachhaltigkeit, Biodiversit\u00e4t und \u00d6ko-Tourismus betrifft, ein Vorbild f\u00fcr die gesamte Welt!\u201c<\/em><\/p>\n<p>Costa Rica fasziniert Urlauber ganzj\u00e4hrig mit authentischen Erlebnissen, einzigartigen Unterk\u00fcnften sowie landschaftlicher, kultureller und tierischer Vielfalt. Das gr\u00fcne Herz Mittelamerikas inspiriert Besucher mit dem einzigartigen Lebensgef\u00fchl PURA VIDA. <strong>Costa Rica ist der Ort, an dem man alles findet. <em>Costa Rica &#8211; mein nachhaltiges Sehnsuchtsziel<\/em>. <\/strong><\/p>\n<p><strong>Sie haben auch Sehnsucht nach Costa Rica? Costa Rica verlost <\/strong><a href=\"https:\/\/www.instagram.com\/p\/CGMwGwOAbOY\/\"><strong>hier<\/strong><\/a><strong> auf Instagram eine 7-t\u00e4gige Erlebnisreise f\u00fcr zwei Personen! Teilnahme ganz einfach:<br \/><\/strong><em>1. Folgt unserer Costa Instagram Seite [<a href=\"https:\/\/www.instagram.com\/visit_costaricade\/\">@visit_costaricade<\/a>] und findet mit unserem pura vida Filter heraus, welches Tier aus Costa Rica in euch steckt (Hier geht\u2019s zum <a href=\"https:\/\/www.instagram.com\/p\/CGMwGwOAbOY\/\">Gewinnspielpost<\/a>)<\/em><br \/><em>2. Ladet euer Ergebnis mit dem Hashtag <a href=\"https:\/\/www.instagram.com\/explore\/tags\/meinsehnsuchtsziel\/\">#meinsehnsuchtsziel<\/a> in eure Story hoch und verlinkt die <a href=\"https:\/\/www.instagram.com\/visit_costaricade\/\">@visit_costaricade<\/a>-Seite <\/em><br \/><em>3. Wir werden eure Story auf der <a href=\"https:\/\/www.instagram.com\/visit_costaricade\/\">@visit_costaricade<\/a>-Seite teilen und aus allen Teilnehmern den Gewinner ziehen ??<\/em><br \/><em>Mitmachen k\u00f6nnt ihr bis zum 6. Dezember 2020. Der Gewinner\/ die Gewinnerin wird aus allen eingegangenen Story-Verlinkungen ausgelost und im Dezember schriftlich benachrichtigt. Die Reise findet in 2021 statt. Damit ihr mitmachen k\u00f6nnt, solltet ihr mind. 18 Jahre alt sein.\u00a0<br \/><\/em><em>Die Teilnahmebedingungen findet ihr <a href=\"https:\/\/www.facebook.com\/notes\/visit-costa-rica-germany\/zu-den-detaillierten-teilnahmebedingungen-gewinnspiel-07102020-06122020\/10158299054221001\">hier<\/a>!<\/em><\/p>\n<p>Weitere Informationen rund um die Kampagne, spannende Videos und Informationen finden Sie auf <a href=\"https:\/\/mp.secretescapes.com\/de\/2020\/costa-rica\">Secret Escapes.<\/a><br \/>Alle Kurzvideos unserer prominenten Botschafter finden Sie\u00a0 unter <a href=\"https:\/\/www.puravidauniversity.eu\/de\/videos-und-bilder\/\">Videos und Bilder.<\/a><\/p>\n<p><strong>Und was sind die besten Gr\u00fcnde f\u00fcr eine Costa Rica Reise w\u00e4hrend und nach der globalen Pandemie? \u00a0<\/strong><\/p>\n<p>Das Outdoor-, Wellness- und Naturparadies Costa Rica ist das ideale Reiseziel w\u00e4hrend und nach der globalen Pandemie fernab von Massentourismus und verf\u00fcgt \u00fcber ein ausgezeichnetes Gesundheitssystem, sehr strenge Hygienekonzepte und Einreisebestimmungen. Der mittelamerikanische Staat wurde im Juli 2020 mit dem mit der Corona-Pandemie entwickelten internationalen \u201eSafe Travel\u201c Sicherheits- und Hygienestempel des World Travel &amp; Tourism Council (WTTC) ausgezeichnet. Einen Live-Erfahrungsbericht zum Costa Rica Urlaub im September mit wertvollen Reisetipps finden Interessierte in diesem <a href=\"https:\/\/www.youtube.com\/watch?v=4D_iXBu_1HA&amp;feature=youtu.be\">Video<\/a>.<\/p>\n<p><strong>\u00a0<\/strong><\/p>\n\n\n<p><\/p>\n","protected":false},"excerpt":{"rendered":"<p>Costa Rica startet neue Marketingkampagne \u201eCosta Rica \u2013 mein nachhaltiges Sehnsuchtsziel\u201c und inspiriert mit prominenten Markenbotschaftern Das Natur- und Outdoorparadies Costa Rica bietet mit seinen rauchenden Vulkanen, gr\u00fcnen Urw\u00e4ldern und traumhaften Tropenstr\u00e4nden authentische Erlebnisse fernab des Massentourismus und garantiert Besuchern &hellip; <a href=\"https:\/\/www.puravidauniversity.eu\/de\/costa-rica-inspiriert-mit-prominenten-markenbotschaftern\/\">Weiterlesen<\/a><\/p>\n","protected":false},"author":5,"featured_media":2180,"comment_status":"closed","ping_status":"closed","sticky":false,"template":"","format":"image","meta":[],"categories":[7],"tags":[70],"_links":{"self":[{"href":"https:\/\/www.puravidauniversity.eu\/de\/wp-json\/wp\/v2\/posts\/2174"}],"collection":[{"href":"https:\/\/www.puravidauniversity.eu\/de\/wp-json\/wp\/v2\/posts"}],"about":[{"href":"https:\/\/www.puravidauniversity.eu\/de\/wp-json\/wp\/v2\/types\/post"}],"author":[{"embeddable":true,"href":"https:\/\/www.puravidauniversity.eu\/de\/wp-json\/wp\/v2\/users\/5"}],"replies":[{"embeddable":true,"href":"https:\/\/www.puravidauniversity.eu\/de\/wp-json\/wp\/v2\/comments?post=2174"}],"version-history":[{"count":8,"href":"https:\/\/www.puravidauniversity.eu\/de\/wp-json\/wp\/v2\/posts\/2174\/revisions"}],"predecessor-version":[{"id":2208,"href":"https:\/\/www.puravidauniversity.eu\/de\/wp-json\/wp\/v2\/posts\/2174\/revisions\/2208"}],"wp:featuredmedia":[{"embeddable":true,"href":"https:\/\/www.puravidauniversity.eu\/de\/wp-json\/wp\/v2\/media\/2180"}],"wp:attachment":[{"href":"https:\/\/www.puravidauniversity.eu\/de\/wp-json\/wp\/v2\/media?parent=2174"}],"wp:term":[{"taxonomy":"category","embeddable":true,"href":"https:\/\/www.puravidauniversity.eu\/de\/wp-json\/wp\/v2\/categories?post=2174"},{"taxonomy":"post_tag","embeddable":true,"href":"https:\/\/www.puravidauniversity.eu\/de\/wp-json\/wp\/v2\/tags?post=2174"}],"curies":[{"name":"wp","href":"https:\/\/api.w.org\/{rel}","templated":true}]}}