{"id":2087,"date":"2020-07-11T18:38:53","date_gmt":"2020-07-11T16:38:53","guid":{"rendered":"https:\/\/www.puravidauniversity.eu\/de\/?p=2087"},"modified":"2020-07-22T16:33:32","modified_gmt":"2020-07-22T14:33:32","slug":"neuer-tourismusminister-fuer-costa-rica-drei-saeulen-zur-bewaeltigung-der-krise-des-tourismus-als-folge-der-corona-pandemie","status":"publish","type":"post","link":"https:\/\/www.puravidauniversity.eu\/de\/neuer-tourismusminister-fuer-costa-rica-drei-saeulen-zur-bewaeltigung-der-krise-des-tourismus-als-folge-der-corona-pandemie\/","title":{"rendered":"Neuer Tourismusminister f\u00fcr Costa Rica: Drei S\u00e4ulen zur Bew\u00e4ltigung der Krise des Tourismus als Folge der Corona-Pandemie"},"content":{"rendered":"\n<p><\/p>\n\n\n\n<p><\/p>\n\n\n<ul>\n<li><strong><span style=\"font-size: 9pt;\">Der Fahrplan des neuen Ministers: die sichere und schrittweise \u00d6ffnung f\u00fcr internationale Fl\u00fcge \u2013 Instrumente zur Bew\u00e4ltigung finanzieller Probleme f\u00fcr Unternehmen aus der Tourismusindustrie \u2013 Ma\u00dfnahmen zur Reaktivierung der Wirtschaft<\/span><\/strong><\/li>\n<li><strong><span style=\"font-size: 9pt;\">Costa Rica bleibt mittel- und langfristig ein wichtiger Akteur im internationalen Tourismus<\/span><\/strong><\/li>\n<li><strong><span style=\"font-size: 9pt;\">\u201eIch vertraue auf das engagierte und erfahrene Team, das die aktuelle Situation, in der sich der Tourismus des Landes befindet, bew\u00e4ltigen wird\u201c, so der neue Minister.<\/span><\/strong><\/li>\n<\/ul>\n<p><strong>San Jos\u00e9 \/ Frankfurt am Main, 10. Juli 2020<\/strong> \u2013 Nachdem Tourismusministerin Maria Amalia Revelo aus gesundheitlichen Gr\u00fcnden zugr\u00fcckgetreten ist, wurde Gustavo Segura Sancho am 8. Juli 2020 zum neuen Exekutiv-Pr\u00e4sidenten des costa-ricanischen Tourismusinstituts (ICT) und Minister f\u00fcr Tourismus ernannt. Gustavo Segura Sancho hat umgehend den Fahrplan f\u00fcr die Bew\u00e4ltigung der Krise, in der sich der Tourismus des Landes aufgrund der Corona-Pandemie befindet, vorgestellt.<\/p>\n<p>Im Rahmen der Sofortma\u00dfnahmen, die f\u00fcr diese Zeit eingeleitet werden, verwies Segura Sancho auf drei S\u00e4ulen:<\/p>\n<ol>\n<li><span style=\"font-size: 9pt;\">die sichere und schrittweise \u00d6ffnung f\u00fcr den internationalen Flugverkehr,<\/span><\/li>\n<li><span style=\"font-size: 9pt;\">die Implementierung von Instrumenten zur Linderung finanzieller Probleme f\u00fcr Unternehmen aus der Tourismusindustrie<\/span><\/li>\n<li><span style=\"font-size: 9pt;\">und die F\u00f6rderung von Ma\u00dfnahmen zur Erholung der Wirtschaft, die stets im Rahmen der h\u00f6chsten Standards der Gesundheitssicherheit und im st\u00e4ndigen Austausch mit den Gesundheitsbeh\u00f6rden entwickelt werden sollen.<\/span><\/li>\n<\/ol>\n<p>\u201eIch werde mich in K\u00fcrze den Kammern und Organisationen des Tourismussektors zur Verf\u00fcgung stellen, um gemeinsam mit ihnen die n\u00f6tigen Kommunikationskan\u00e4le einzurichten und R\u00e4ume zu schaffen, in denen alle zusammen auf geordnete Weise reden und arbeiten k\u00f6nnen\u201c, so der Minister. <strong>Dar\u00fcber hinaus betonte er, dass Costa Rica mittel- und langfristig ein wichtiger Akteur im internationalen Tourismus bleiben werde.<\/strong><\/p>\n<p><strong>Costa Rica, international bekannt f\u00fcr nachhaltigen \u00d6kotourismus, ist das ideale Zielgebiet w\u00e4hrend und nach der globalen Pandemie: Naturparadies, Outdoor-Destination, Erlebnisluxus- und&nbsp;Wellness-Destination mit authentischen Erlebnissen und Fokus auf Nachhaltigkeit und Umweltschutz. Der unvergessliche Urlaub abseits des Massentourismus beginnt im Herzen Mittelamerikas bereits bei der \u00dcbernachtung in den kleinen charmanten Boutique Hotels und \u00d6ko Lodges.<\/strong> Costa Rica steht in den Startl\u00f6chern und wird voraussichtlich ab dem 1. August wieder Touristen empfangen. Ab diesem Zeitpunkt soll eine schrittweise \u00d6ffnung f\u00fcr L\u00e4nder erfolgen, die die Pandemie unter Kontrolle haben und niedrige Infektionszahlen aufweisen k\u00f6nnen.<\/p>\n<p>Maria Amalia Revelo dankte der neue Tourismusminister im Namen der Branche f\u00fcr ihre gro\u00dfartige Arbeit und schickte Genesungsw\u00fcnsche.<\/p>\n\n\n<p><\/p>\n","protected":false},"excerpt":{"rendered":"<p>Der Fahrplan des neuen Ministers: die sichere und schrittweise \u00d6ffnung f\u00fcr internationale Fl\u00fcge \u2013 Instrumente zur Bew\u00e4ltigung finanzieller Probleme f\u00fcr Unternehmen aus der Tourismusindustrie \u2013 Ma\u00dfnahmen zur Reaktivierung der Wirtschaft Costa Rica bleibt mittel- und langfristig ein wichtiger Akteur im &hellip; <a href=\"https:\/\/www.puravidauniversity.eu\/de\/neuer-tourismusminister-fuer-costa-rica-drei-saeulen-zur-bewaeltigung-der-krise-des-tourismus-als-folge-der-corona-pandemie\/\">Weiterlesen<\/a><\/p>\n","protected":false},"author":5,"featured_media":2093,"comment_status":"closed","ping_status":"closed","sticky":false,"template":"","format":"image","meta":[],"categories":[7],"tags":[55,54,56],"_links":{"self":[{"href":"https:\/\/www.puravidauniversity.eu\/de\/wp-json\/wp\/v2\/posts\/2087"}],"collection":[{"href":"https:\/\/www.puravidauniversity.eu\/de\/wp-json\/wp\/v2\/posts"}],"about":[{"href":"https:\/\/www.puravidauniversity.eu\/de\/wp-json\/wp\/v2\/types\/post"}],"author":[{"embeddable":true,"href":"https:\/\/www.puravidauniversity.eu\/de\/wp-json\/wp\/v2\/users\/5"}],"replies":[{"embeddable":true,"href":"https:\/\/www.puravidauniversity.eu\/de\/wp-json\/wp\/v2\/comments?post=2087"}],"version-history":[{"count":5,"href":"https:\/\/www.puravidauniversity.eu\/de\/wp-json\/wp\/v2\/posts\/2087\/revisions"}],"predecessor-version":[{"id":2096,"href":"https:\/\/www.puravidauniversity.eu\/de\/wp-json\/wp\/v2\/posts\/2087\/revisions\/2096"}],"wp:featuredmedia":[{"embeddable":true,"href":"https:\/\/www.puravidauniversity.eu\/de\/wp-json\/wp\/v2\/media\/2093"}],"wp:attachment":[{"href":"https:\/\/www.puravidauniversity.eu\/de\/wp-json\/wp\/v2\/media?parent=2087"}],"wp:term":[{"taxonomy":"category","embeddable":true,"href":"https:\/\/www.puravidauniversity.eu\/de\/wp-json\/wp\/v2\/categories?post=2087"},{"taxonomy":"post_tag","embeddable":true,"href":"https:\/\/www.puravidauniversity.eu\/de\/wp-json\/wp\/v2\/tags?post=2087"}],"curies":[{"name":"wp","href":"https:\/\/api.w.org\/{rel}","templated":true}]}}