{"id":1539,"date":"2019-05-15T14:36:00","date_gmt":"2019-05-15T12:36:00","guid":{"rendered":"https:\/\/www.puravidauniversity.eu\/de\/?p=1539"},"modified":"2019-10-15T16:22:48","modified_gmt":"2019-10-15T14:22:48","slug":"neues-aus-costa-rica-201905","status":"publish","type":"post","link":"https:\/\/www.puravidauniversity.eu\/de\/neues-aus-costa-rica-201905\/","title":{"rendered":"Neues aus Costa Rica"},"content":{"rendered":"<p><strong>&nbsp;<\/strong><strong>ALLGEMEINES<\/strong><\/p>\n<p><strong>&nbsp;<\/strong><strong>Costa Rica Gastgeber der internationalen Tourismustagung 2020<\/strong><\/p>\n<p>Im Juni kommenden Jahres wird die Reuni\u00f3n Mundial de Turismo y Servicios Relacionados (Internationale Tagung f\u00fcr Tourismus und damit verbundene Dienstleistungen) in Costa Rica stattfinden. 25 L\u00e4nder werden bei diesem Treffen von globaler Bedeutung \u00fcber ein breites Themenspektrum diskutieren und gemeinsam an einer Verbesserung der Tourismusstandards arbeiten. Dabei sollen in Arbeitsgruppen auch 39 ISO-Normen f\u00fcr Abenteuertourismus, Unterk\u00fcnfte, Str\u00e4nde, Reiseb\u00fcros und viele weitere touristisch relevante Bereiche entwickelt werden. Als Modellbeispiel f\u00fcr Nachhaltigkeit stellt Costa Rica nat\u00fcrlich auch den idealen Ort dar, um L\u00f6sungen f\u00fcr die Vereinbarkeit von Tourismus und den Schutz unseres Planeten zu erarbeiten.<\/p>\n<p><strong>7,8 Prozent mehr internationale Flug-Ank\u00fcnfte in den ersten beiden Monaten des Jahres<\/strong><\/p>\n<p>Wie Statistiken des ICT (Instituto Costarricense de Turismo) belegen, kamen im Januar 2019 248.754 ausl\u00e4ndische Besucher auf den beiden internationalen Flugh\u00e4fen Costa Ricas, Juan Santamar\u00eda und Daniel Oduber, an, was einer Steigerung von 9,2 Prozent gegen\u00fcber dem Januar des vergangenen Jahres entspricht. Im Februar 2019 betrug die Anzahl der internationalen Ank\u00fcnfte 250.939 und damit 6,4 Prozent mehr als im gleichen Monat des Vorjahres. Ank\u00fcnfte aus Deutschland \u00fcber den Luftweg zeigten im Januar und Februar dieses Jahres sogar einen Anstieg um 14,6 Prozent. Diese Werte sind die h\u00f6chsten der letzten sechs Jahre, was die costa-ricanische Tourismusministerin Mari\u00e1 Amalia Revelo auch darauf zur\u00fcckf\u00fchrt, dass mittlerweile acht Fluglinien Verbindungen zwischen Europa und Costa Rica anbieten, davon sieben Direktverbindungen. Zum Vergleich: 2006 gab es lediglich eine einzige solche Flugverbindung mit Zwischenlandung.<\/p>\n<p><strong>KLM verbindet Amsterdam mit Guanacaste<\/strong><\/p>\n<p>Zwei Jahre nach dem Start des ersten Direktfluges nach Costa Rica erweitert die Fluglinie KLM ihr Angebot und bietet ab dem 29. Oktober 2019 Fl\u00fcge von Amsterdam in die beliebte Region Guanacaste an. Viermal pro Woche, n\u00e4mlich jeweils dienstags, freitags, samstags und sonntags, wird eine Boeing 787-9 Dreamliner mit 30 Sitzpl\u00e4tzen in der Business Class, 45 in der Economy-Comfort Class und 219 in der Economy Class um 11:35 Uhr in Amsterdam-Schiphol starten und um 17:15 Uhr Ortszeit in Costa Ricas Hauptstadt San Jos\u00e9 landen. Um 19:15 Uhr geht es weiter nach Liberia (Guanacaste), wo das Flugzeug um 20:10 Uhr landet und nach einem kurzen Aufenthalt von 65 Minuten den R\u00fcckflug nach Amsterdam antritt. Die M\u00f6glichkeit, mit demselben Ticket nach San Jos\u00e9 zu fliegen und von Liberia aus die R\u00fcckreise nach Europa anzutreten, bietet eine ideale Kombination f\u00fcr alle Reisenden, die Costa Rica erkunden m\u00f6chten.<\/p>\n<p>&nbsp;<\/p>\n<p><strong>ABENTEUER UND KULTUR<\/strong><\/p>\n<p><strong>Wiederer\u00f6ffnung des Museo del Oro in San Jos\u00e9<\/strong><\/p>\n<p>Nach einer Renovierungsphase wurde das pr\u00e4kolumbianische Goldmuseum von San Jos\u00e9 k\u00fcrzlich neuer\u00f6ffnet. Das \u201eGoldst\u00fcck\u201c der Hauptstadt erstrahlt in neuem Design und gibt Besuchern Aufschl\u00fcsse \u00fcber die Zusammenh\u00e4nge der pr\u00e4kolumbianischen Vergangenheit und ihrer Bedeutung f\u00fcr die Gegenwart. Interessierte erhalten Zugang zu neuesten arch\u00e4ologischen Erkenntnissen \u2013 dank didaktischer und interaktiver Ressourcen, die auf neuster Technik basieren, wird der Museumsbesuch zu einem wahren Erlebnis. Beleuchtet wird dar\u00fcber hinaus die Frage, wie die ersten Siedler in das heutige Territorium von Costa Rica kamen, was bis heute die Heimat der Nachgeneration indigener V\u00f6lker ist. Weitere Informationen stehen abrufbereit unter <a href=\"https:\/\/museosdelbancocentral.org\/en\/exhibitions\/current-exhibitions\/pre-columbian-gold-museum\/\">museosdelbancocentral.org\/en\/exhibitions\/current-exhibitions\/pre-columbian-gold-museum\/<\/a><\/p>\n<p><strong>&nbsp;<\/strong><\/p>\n<p><strong>NACHHALTIGKEIT UND NATUR<\/strong><\/p>\n<p><strong>43 costa-ricanische Str\u00e4nde in Guanacaste erhalten Auszeichnung der \u201eBlauen Flagge\u201c<\/strong><\/p>\n<p>Die Bem\u00fchungen von 43 Strandkomitees in Guanacaste, die nachhaltige und touristische Nutzung ihrer Str\u00e4nde sicherzustellen, wurden k\u00fcrzlich mit der Auszeichnung des \u201ePrograma Bandera Azul Ecol\u00f3gica\u201c (\u00d6kologisches Programm der Blauen Flagge) belohnt. Sieben der Str\u00e4nde wurden zum ersten Mal mit dem Zertifikat bedacht: Nacascolo, Prieta, Sombrero, Virador, Blanca, Brasilito und Frijolar. Das costa-ricanische Tourist Board (ICT) ist verantwortlich f\u00fcr die Katalogisierung der Str\u00e4nde dieses Programms und die Evaluation der Sternekategorien (eins bis f\u00fcnf) \u2013 hier sind u.a. Faktoren wie die Qualit\u00e4t des Meerwassers, Sicherheit, die Qualit\u00e4t sanit\u00e4rer Anlagen oder M\u00fclltrennung ausschlaggebend. Weitere Informationen stehen abrufbereit unter <u>banderaazulecologica.org\/<\/u><\/p>\n<p><strong>Erster komplett barrierefreier Strand Mittelamerikas in Jac\u00f3<\/strong><\/p>\n<p>Im Abschnitt Madrigales des Strandes Playa Jac\u00f3 k\u00f6nnen nun auch Personen mit eingeschr\u00e4nkter Mobilit\u00e4t barrierefrei direkt bis ans Wasser gelangen. M\u00f6glich ist dies durch einen 63 Meter langen Zugangsweg, der aus insgesamt 1.361 Kilogramm wiederverwertetem Plastik hergestellt wurde. In \u00fcber sieben Monaten hatten tausende Costa-Ricaner im Rahmen der Kampagne \u201eDo\u00f1a Tapa\u201c 420.000 Kunststoffdeckel und 521 kg Plastikt\u00fcten daf\u00fcr gesammelt und so die Initiative \u201eFrei zug\u00e4ngliches Jac\u00f3\u201c unterst\u00fctzt. Die feierliche Einweihung des Strandzugangs erfolgte am 1. M\u00e4rz 2019, dem internationalen \u201eZero Discrimination Day\u201c, durch die Nationalmannschaft im Adaptive Surfing (Wellenreiten mit Handycap) mit amphibischen Rollst\u00fchlen.<\/p>\n<p>&nbsp;<\/p>\n<p><strong>HOTELLERIE UND GASTRONOMIE<\/strong><\/p>\n<p>&nbsp;<\/p>\n<p><strong>Ein Hotel f\u00fcr Umweltbewusste: Cala Luna in Tamarindo<\/strong><\/p>\n<p>Laut UNWTO (Weltorganisation f\u00fcr Tourismus) hat der Tourismus einen Anteil von etwa f\u00fcnf Prozent am weltweiten CO2-Aussto\u00df \u2013 ein guter Grund, in diesem Bereich etwas f\u00fcr den Umweltschutz zu tun! Jeder ist dazu aufgerufen und kann beispielsweise seine Unterkunft danach ausw\u00e4hlt, wie verantwortungsbewusst dort mit der Umwelt umgegangen wird. Das \u201eCala Luna\u201c in Tamarindo bezeichnet sich nicht nur als \u201egr\u00fcn\u201c, sondern setzt diesen Anspruch auch in die Tat um: Im atemberaubend sch\u00f6nen Las Baulas National Park gelegen, setzt dieses Boutique-Hotel auf Sonnenenergie, umweltfreundliche Reinigungsmittel, Trinkhalme aus Bambus und wiederverwendbare Wasserflaschen. Ganz besonders zu erw\u00e4hnen ist aber die \u00f6kologische Landwirtschaft \u201eLa Senda\u201c, die das Hotel ganz in der N\u00e4he betreibt. Sie liefert nicht nur die Zutaten f\u00fcr das Restaurant, sondern kann nat\u00fcrlich auch von den G\u00e4sten besucht werden und bietet mit einem \u201eFarm-to-Table Dinner\u201c ein einmaliges Erlebnis an, das man sich nicht entgehen lassen sollte. Weitere Informationen stehen abrufbereit unter <a href=\"https:\/\/calaluna.com\/\">calaluna.com<\/a><\/p>\n<p><strong>&nbsp;<\/strong><\/p>\n<p><strong>DESTINATION DES MONATS<\/strong><\/p>\n<p><strong>Gr\u00fcner wird\u2019s nicht: Nationalpark Palo Verde <\/strong><\/p>\n<p>Der in der Provinz Guanacaste gelegene Nationalpark Palo Verde ist einer der biologisch vielf\u00e4ltigsten Orte Costa Ricas. Ganze 60 Prozent der Fl\u00e4che des Parks bestehen aus Feuchtgebieten: Hier f\u00fchlt sich eine Vielzahl von Wasserv\u00f6geln, der scharlachrote Ara, Jabirus, Pfauen oder Falken besonders wohl. Nicht ohne Grund wurde der Park von der World Wetland Convention zum Feuchtgebiet von internationaler Bedeutung erkl\u00e4rt. Eine weitere Besonderheit des Nationalparks Palo Verde ist sein Reichtum an nat\u00fcrlichen Ressourcen. Mehr als 55 Arten von Amphibien und Reptilien findet man hier. Weitere Informationen stehen abrufbereit unter: <a href=\"http:\/\/www.visitcostarica.com\/de\/costa-rica\/where-to-go\/protected-areas\/parque-nacional-palo-verde\">www.visitcostarica.com\/de\/costa-rica\/where-to-go\/protected-areas\/parque-nacional-palo-verde<\/a><\/p>\n","protected":false},"excerpt":{"rendered":"<p>&nbsp;ALLGEMEINES &nbsp;Costa Rica Gastgeber der internationalen Tourismustagung 2020 Im Juni kommenden Jahres wird die Reuni\u00f3n Mundial de Turismo y Servicios Relacionados (Internationale Tagung f\u00fcr Tourismus und damit verbundene Dienstleistungen) in Costa Rica stattfinden. 25 L\u00e4nder werden bei diesem Treffen von &hellip; <a href=\"https:\/\/www.puravidauniversity.eu\/de\/neues-aus-costa-rica-201905\/\">Weiterlesen<\/a><\/p>\n","protected":false},"author":5,"featured_media":1556,"comment_status":"closed","ping_status":"closed","sticky":false,"template":"","format":"image","meta":[],"categories":[7],"tags":[],"_links":{"self":[{"href":"https:\/\/www.puravidauniversity.eu\/de\/wp-json\/wp\/v2\/posts\/1539"}],"collection":[{"href":"https:\/\/www.puravidauniversity.eu\/de\/wp-json\/wp\/v2\/posts"}],"about":[{"href":"https:\/\/www.puravidauniversity.eu\/de\/wp-json\/wp\/v2\/types\/post"}],"author":[{"embeddable":true,"href":"https:\/\/www.puravidauniversity.eu\/de\/wp-json\/wp\/v2\/users\/5"}],"replies":[{"embeddable":true,"href":"https:\/\/www.puravidauniversity.eu\/de\/wp-json\/wp\/v2\/comments?post=1539"}],"version-history":[{"count":7,"href":"https:\/\/www.puravidauniversity.eu\/de\/wp-json\/wp\/v2\/posts\/1539\/revisions"}],"predecessor-version":[{"id":1615,"href":"https:\/\/www.puravidauniversity.eu\/de\/wp-json\/wp\/v2\/posts\/1539\/revisions\/1615"}],"wp:featuredmedia":[{"embeddable":true,"href":"https:\/\/www.puravidauniversity.eu\/de\/wp-json\/wp\/v2\/media\/1556"}],"wp:attachment":[{"href":"https:\/\/www.puravidauniversity.eu\/de\/wp-json\/wp\/v2\/media?parent=1539"}],"wp:term":[{"taxonomy":"category","embeddable":true,"href":"https:\/\/www.puravidauniversity.eu\/de\/wp-json\/wp\/v2\/categories?post=1539"},{"taxonomy":"post_tag","embeddable":true,"href":"https:\/\/www.puravidauniversity.eu\/de\/wp-json\/wp\/v2\/tags?post=1539"}],"curies":[{"name":"wp","href":"https:\/\/api.w.org\/{rel}","templated":true}]}}